{"id":1115,"date":"2018-03-22T15:50:56","date_gmt":"2018-03-22T14:50:56","guid":{"rendered":"http:\/\/bibienfoto.sk\/?p=1115"},"modified":"2022-01-14T17:36:51","modified_gmt":"2022-01-14T16:36:51","slug":"jeden-splneny-fotograficky-sen","status":"publish","type":"post","link":"https:\/\/bibienfoto.sk\/index.php\/2018\/03\/22\/jeden-splneny-fotograficky-sen\/","title":{"rendered":"Splnen\u00fd fotografick\u00fd sen :-)"},"content":{"rendered":"\t\t<div data-elementor-type=\"wp-post\" data-elementor-id=\"1115\" class=\"elementor elementor-1115\">\n\t\t\t\t\t\t<section class=\"elementor-section elementor-top-section elementor-element elementor-element-67175668 elementor-section-boxed elementor-section-height-default elementor-section-height-default\" data-id=\"67175668\" data-element_type=\"section\" data-e-type=\"section\">\n\t\t\t\t\t\t<div class=\"elementor-container elementor-column-gap-default\">\n\t\t\t\t\t<div class=\"elementor-column elementor-col-100 elementor-top-column elementor-element elementor-element-4498bd2c\" data-id=\"4498bd2c\" data-element_type=\"column\" data-e-type=\"column\">\n\t\t\t<div class=\"elementor-widget-wrap elementor-element-populated\">\n\t\t\t\t\t\t<div class=\"elementor-element elementor-element-752a4859 elementor-widget elementor-widget-text-editor\" data-id=\"752a4859\" data-element_type=\"widget\" data-e-type=\"widget\" data-widget_type=\"text-editor.default\">\n\t\t\t\t<div class=\"elementor-widget-container\">\n\t\t\t\t\t\t\t\t\t<p style=\"text-align: justify;\">Sny s\u00fa vraj na to, aby sa plnili&#8230; A tie\u017e vraj, ke\u010f po nie\u010dom ve\u013emi t\u00fa\u017eite, nakoniec sa to stane. Neviem, \u010di pomohlo to vraj, \u010di to bola n\u00e1hoda, alebo ma niekto tam hore m\u00e1 tak ve\u013emi r\u00e1d (toto \u00e1no, ur\u010dite \ud83d\ude42 ), ist\u00e9 ale je, \u017ee ned\u00e1vno sa mi splnil jeden z mojich snov fotografa. Nevrav\u00edm, \u017ee najv\u00e4\u010d\u0161\u00ed, ale ur\u010dite jeden\u00a0 z t\u00fdch, ktor\u00e9 si zalo\u017e\u00edte do \u0161ufl\u00edka s n\u00e1pisom &#8220;takmer nemo\u017en\u00e9&#8221;. Aspo\u0148 ja som si ho tam ulo\u017eila \ud83d\ude42<\/p><p style=\"text-align: justify;\">Pre nemocnicu v \u0160aci som fotila u\u017e nieko\u013ekokr\u00e1t. V\u017edy to bola super spolupr\u00e1ca s pr\u00edjemn\u00fdmi \u013eu\u010fmi. A tak som ani chv\u00ed\u013eu nev\u00e1hala, ke\u010f sa naskytla pr\u00edle\u017eitos\u0165 asistova\u0165 s fotoapar\u00e1tom pri oper\u00e1cii, kde sa robilo odstr\u00e1nenie a hne\u010f aj rekon\u0161trukcia prsn\u00edka.<\/p><p style=\"text-align: justify;\">Pre n\u00e1s \u017eeny je to ve\u013emi int\u00edmna z\u00e1le\u017eitos\u0165. Vo svete je be\u017en\u00e9, \u017ee \u017een\u00e1m, ktor\u00e9 s\u00fa n\u00faten\u00e9 vzda\u0165 sa \u010dasti svojej &#8220;\u017eenskosti&#8221;, ju lek\u00e1ri vedia &#8220;nahradi\u0165&#8221; v r\u00e1mci jednej oper\u00e1cie. U n\u00e1s je odobratie chor\u00e9ho (n\u00e1dorom postihnut\u00e9ho) prsn\u00edka a z\u00e1rove\u0148 jeho okam\u017eit\u00e1 n\u00e1hrada implant\u00e1tom sk\u00f4r v\u00fdnimkou ako pravidlom. Nechcem tu rozobera\u0165 pre\u010do a na\u010do, proste je to tak&#8230;<\/p><p style=\"text-align: justify;\">Mus\u00edm prizna\u0165, \u017ee ke\u010f pri\u0161iel ten moment a mala som vst\u00fapi\u0165 na s\u00e1lu, kde u\u017e\u00a0 prebiehala oper\u00e1cia, nebolo mi v\u0161etko jedno. Mala som zmie\u0161an\u00e9 pocity, vo v\u0161eobecnosti patr\u00edm k \u013eu\u010fom, ktor\u00ed krv moc v l\u00e1ske nemaj\u00fa. A tak rozru\u0161en\u00e1 a z\u00e1rove\u0148 vzru\u0161en\u00e1 som sa prezliekla do vec\u00ed, \u010do mi dali (povinn\u00e1 v\u00fdbava na s\u00e1le), nasadila som si r\u00fa\u0161ko, dezinfikovala fotoapar\u00e1t a s malou du\u0161i\u010dkou som pootvorila dvere&#8230;<\/p><p style=\"text-align: justify;\">A \u010do sa dialo potom? &#8230; To u\u017e m\u00f4\u017eete vidie\u0165 na mojich fotografi\u00e1ch. Poviem len, \u017ee som si to naozaj profesion\u00e1lne u\u017eila. Mala som pocit, \u017ee som s\u00fa\u010das\u0165ou nie\u010doho ve\u013ek\u00e9ho a dobr\u00e9ho&#8230; chcela som nap\u00edsa\u0165, \u017ee svet zachra\u0148uj\u00faceho, ale tak nebudem preh\u00e1\u0148a\u0165 \ud83d\ude00 Pravdou v\u0161ak je, \u017ee \u0161ikovn\u00ed chirurgovia tam vtedy mo\u017eno pr\u00e1ve zachr\u00e1nili jeden \u013eudsk\u00fd \u017eivot&#8230; a ak aj nie \u00faplne zachr\u00e1nili \u017eivot, tak ur\u010dite dopomohli jednej\u00a0 \u017eene (vlastne ich bolo v ten de\u0148 viac ) k tomu, aby st\u00e1le ostala \u017eenou&#8230; kr\u00e1snou a plnohodnotnou&#8230;<\/p><p style=\"text-align: justify;\">Va\u0161a Bibien<\/p><p style=\"text-align: justify;\">P. S. Niektor\u00e9 fotky s\u00fa ur\u010den\u00e9 len pre silnej\u0161ie povahy, tak\u017ee si dobre zv\u00e1\u017ete, \u010di m\u00e1te na to \u017eal\u00fadok. \ud83d\ude42 Neberiem zodpovednos\u0165 za n\u00e1sledky sp\u00f4soben\u00e9 ich pozeran\u00edm \ud83d\ude09<\/p><p>\u00a0<\/p>\t\t\t\t\t\t\t\t<\/div>\n\t\t\t\t<\/div>\n\t\t\t\t\t<\/div>\n\t\t<\/div>\n\t\t\t\t\t<\/div>\n\t\t<\/section>\n\t\t\t\t<section class=\"elementor-section elementor-top-section elementor-element elementor-element-547805c elementor-section-boxed elementor-section-height-default elementor-section-height-default\" data-id=\"547805c\" data-element_type=\"section\" data-e-type=\"section\">\n\t\t\t\t\t\t<div class=\"elementor-container elementor-column-gap-default\">\n\t\t\t\t\t<div class=\"elementor-column elementor-col-100 elementor-top-column elementor-element elementor-element-f74bf51\" data-id=\"f74bf51\" data-element_type=\"column\" data-e-type=\"column\">\n\t\t\t<div class=\"elementor-widget-wrap elementor-element-populated\">\n\t\t\t\t\t\t<section class=\"elementor-section elementor-inner-section elementor-element elementor-element-c0cc627 elementor-section-boxed elementor-section-height-default elementor-section-height-default\" data-id=\"c0cc627\" data-element_type=\"section\" data-e-type=\"section\">\n\t\t\t\t\t\t<div class=\"elementor-container elementor-column-gap-default\">\n\t\t\t\t\t<div class=\"elementor-column elementor-col-100 elementor-inner-column elementor-element elementor-element-41804de\" data-id=\"41804de\" data-element_type=\"column\" data-e-type=\"column\">\n\t\t\t<div class=\"elementor-widget-wrap elementor-element-populated\">\n\t\t\t\t\t\t<div class=\"elementor-element elementor-element-8e00ea4 elementor-widget elementor-widget-foogallery\" data-id=\"8e00ea4\" data-element_type=\"widget\" data-e-type=\"widget\" data-widget_type=\"foogallery.default\">\n\t\t\t\t<div class=\"elementor-widget-container\">\n\t\t\t\t\t<style type=\"text\/css\">\n#foogallery-gallery-1116.fg-masonry .fg-item { width: 300px; }\n#foogallery-gallery-1116.fg-masonry { --fg-gutter: 10px; }<\/style>\n\t\t\t<div class=\"foogallery foogallery-container foogallery-masonry foogallery-lightbox-foobox fg-center fg-masonry fg-ready fg-light fg-shadow-small fg-loading-default fg-loaded-fade-in fg-hover-fade fg-fixed\" id=\"foogallery-gallery-1116\" data-foogallery=\"{&quot;item&quot;:{&quot;showCaptionTitle&quot;:true,&quot;showCaptionDescription&quot;:true},&quot;lazy&quot;:true,&quot;template&quot;:{&quot;columnWidth&quot;:300,&quot;gutter&quot;:10,&quot;horizontalOrder&quot;:true}}\" style=\"--fg-title-line-clamp: 0; --fg-description-line-clamp: 0;\" >\n\t\t<div class=\"fg-item fg-type-image fg-idle\"><figure class=\"fg-item-inner\"><a href=\"https:\/\/bibienfoto.sk\/wp-content\/uploads\/2021\/09\/20180206_rekonstrukcia_prsnika_03.jpg\" data-attachment-id=\"1801\" data-type=\"image\" class=\"fg-thumb\"><span class=\"fg-image-wrap\"><img decoding=\"async\" width=\"300\" height=\"166\" class=\"skip-lazy fg-image\" data-src-fg=\"https:\/\/bibienfoto.sk\/wp-content\/uploads\/cache\/2021\/09\/20180206_rekonstrukcia_prsnika_03\/420986956.jpg\" data-srcset-fg=\"https:\/\/bibienfoto.sk\/wp-content\/uploads\/cache\/2021\/09\/20180206_rekonstrukcia_prsnika_03\/3022672098.jpg 2x\" src=\"data:image\/svg+xml,%3Csvg%20xmlns%3D%22http%3A%2F%2Fwww.w3.org%2F2000%2Fsvg%22%20width%3D%22300%22%20height%3D%22166%22%20viewBox%3D%220%200%20300%20166%22%3E%3C%2Fsvg%3E\" loading=\"eager\"><\/span><span class=\"fg-image-overlay\"><\/span><\/a><\/figure><div class=\"fg-loader\"><\/div><\/div><div class=\"fg-item fg-type-image fg-idle\"><figure class=\"fg-item-inner\"><a href=\"https:\/\/bibienfoto.sk\/wp-content\/uploads\/2021\/09\/20180206_rekonstrukcia_prsnika_02.jpg\" data-attachment-id=\"1800\" data-type=\"image\" class=\"fg-thumb\"><span class=\"fg-image-wrap\"><img fetchpriority=\"high\" decoding=\"async\" width=\"300\" height=\"200\" class=\"skip-lazy fg-image\" data-src-fg=\"https:\/\/bibienfoto.sk\/wp-content\/uploads\/cache\/2021\/09\/20180206_rekonstrukcia_prsnika_02\/3400657935.jpg\" data-srcset-fg=\"https:\/\/bibienfoto.sk\/wp-content\/uploads\/cache\/2021\/09\/20180206_rekonstrukcia_prsnika_02\/1737260193.jpg 2x\" src=\"data:image\/svg+xml,%3Csvg%20xmlns%3D%22http%3A%2F%2Fwww.w3.org%2F2000%2Fsvg%22%20width%3D%22300%22%20height%3D%22200%22%20viewBox%3D%220%200%20300%20200%22%3E%3C%2Fsvg%3E\" loading=\"eager\"><\/span><span class=\"fg-image-overlay\"><\/span><\/a><\/figure><div class=\"fg-loader\"><\/div><\/div><div class=\"fg-item fg-type-image fg-idle\"><figure class=\"fg-item-inner\"><a href=\"https:\/\/bibienfoto.sk\/wp-content\/uploads\/2021\/09\/20180206_rekonstrukcia_prsnika_01.jpg\" data-attachment-id=\"1799\" data-type=\"image\" class=\"fg-thumb\"><span class=\"fg-image-wrap\"><img decoding=\"async\" width=\"300\" height=\"200\" class=\"skip-lazy fg-image\" data-src-fg=\"https:\/\/bibienfoto.sk\/wp-content\/uploads\/cache\/2021\/09\/20180206_rekonstrukcia_prsnika_01\/3566810731.jpg\" data-srcset-fg=\"https:\/\/bibienfoto.sk\/wp-content\/uploads\/cache\/2021\/09\/20180206_rekonstrukcia_prsnika_01\/2040833733.jpg 2x\" src=\"data:image\/svg+xml,%3Csvg%20xmlns%3D%22http%3A%2F%2Fwww.w3.org%2F2000%2Fsvg%22%20width%3D%22300%22%20height%3D%22200%22%20viewBox%3D%220%200%20300%20200%22%3E%3C%2Fsvg%3E\" loading=\"eager\"><\/span><span class=\"fg-image-overlay\"><\/span><\/a><\/figure><div class=\"fg-loader\"><\/div><\/div><div class=\"fg-item fg-type-image fg-idle\"><figure class=\"fg-item-inner\"><a href=\"https:\/\/bibienfoto.sk\/wp-content\/uploads\/2021\/09\/20180206_rekonstrukcia_prsnika_05.jpg\" data-attachment-id=\"1798\" data-type=\"image\" class=\"fg-thumb\"><span class=\"fg-image-wrap\"><img decoding=\"async\" width=\"300\" height=\"200\" class=\"skip-lazy fg-image\" data-src-fg=\"https:\/\/bibienfoto.sk\/wp-content\/uploads\/cache\/2021\/09\/20180206_rekonstrukcia_prsnika_05\/1340019788.jpg\" data-srcset-fg=\"https:\/\/bibienfoto.sk\/wp-content\/uploads\/cache\/2021\/09\/20180206_rekonstrukcia_prsnika_05\/3806495970.jpg 2x\" src=\"data:image\/svg+xml,%3Csvg%20xmlns%3D%22http%3A%2F%2Fwww.w3.org%2F2000%2Fsvg%22%20width%3D%22300%22%20height%3D%22200%22%20viewBox%3D%220%200%20300%20200%22%3E%3C%2Fsvg%3E\" loading=\"eager\"><\/span><span class=\"fg-image-overlay\"><\/span><\/a><\/figure><div class=\"fg-loader\"><\/div><\/div><div class=\"fg-item fg-type-image fg-idle\"><figure class=\"fg-item-inner\"><a href=\"https:\/\/bibienfoto.sk\/wp-content\/uploads\/2021\/09\/20180206_rekonstrukcia_prsnika_04.jpg\" data-attachment-id=\"1797\" data-type=\"image\" class=\"fg-thumb\"><span class=\"fg-image-wrap\"><img decoding=\"async\" width=\"300\" height=\"166\" class=\"skip-lazy fg-image\" data-src-fg=\"https:\/\/bibienfoto.sk\/wp-content\/uploads\/cache\/2021\/09\/20180206_rekonstrukcia_prsnika_04\/640726057.jpg\" data-srcset-fg=\"https:\/\/bibienfoto.sk\/wp-content\/uploads\/cache\/2021\/09\/20180206_rekonstrukcia_prsnika_04\/2332894343.jpg 2x\" src=\"data:image\/svg+xml,%3Csvg%20xmlns%3D%22http%3A%2F%2Fwww.w3.org%2F2000%2Fsvg%22%20width%3D%22300%22%20height%3D%22166%22%20viewBox%3D%220%200%20300%20166%22%3E%3C%2Fsvg%3E\" loading=\"eager\"><\/span><span class=\"fg-image-overlay\"><\/span><\/a><\/figure><div class=\"fg-loader\"><\/div><\/div><\/div>\t\t\t\t<\/div>\n\t\t\t\t<\/div>\n\t\t\t\t\t<\/div>\n\t\t<\/div>\n\t\t\t\t\t<\/div>\n\t\t<\/section>\n\t\t\t\t\t<\/div>\n\t\t<\/div>\n\t\t\t\t\t<\/div>\n\t\t<\/section>\n\t\t\t\t<\/div>\n\t\t","protected":false},"excerpt":{"rendered":"<p>Sny s\u00fa vraj na to, aby sa plnili&#8230; A tie\u017e vraj, ke\u010f po nie\u010dom ve\u013emi t\u00fa\u017eite, nakoniec sa to stane. Neviem, \u010di pomohlo to vraj, \u010di to bola n\u00e1hoda, alebo ma niekto tam hore m\u00e1 tak ve\u013emi r\u00e1d (toto \u00e1no, ur\u010dite \ud83d\ude42 ), ist\u00e9 ale je, \u017ee ned\u00e1vno sa mi splnil jeden z mojich snov [&hellip;]<\/p>\n","protected":false},"author":2,"featured_media":1800,"comment_status":"closed","ping_status":"open","sticky":false,"template":"","format":"standard","meta":{"_monsterinsights_skip_tracking":false,"_monsterinsights_sitenote_active":false,"_monsterinsights_sitenote_note":"","_monsterinsights_sitenote_category":0,"footnotes":""},"categories":[62],"tags":[90,23,24,91,58,65,92,25,93,94,95,28,96,97,98,61],"class_list":["post-1115","post","type-post","status-publish","format-standard","has-post-thumbnail","hentry","category-blog","tag-expander","tag-foto","tag-fotograf","tag-fotograf-na-sale","tag-fotografia","tag-fotoreport","tag-implantat","tag-kosice","tag-okamzita-rekonstrukcia-prsnika","tag-onkologia","tag-operacia","tag-photographer","tag-prsnik","tag-rakovina","tag-rekonstrukcia","tag-reportaz"],"blocksy_meta":{"styles_descriptor":{"styles":{"desktop":"","tablet":"","mobile":""},"google_fonts":[],"version":6}},"yoast_head":"<!-- This site is optimized with the Yoast SEO plugin v27.5 - https:\/\/yoast.com\/product\/yoast-seo-wordpress\/ -->\n<title>Splnen\u00fd fotografick\u00fd sen :-) - NOVORODENECK\u00c9, TEHOTENSK\u00c9 A RODINN\u00c9 FOTENIE<\/title>\n<meta name=\"robots\" content=\"index, follow, max-snippet:-1, max-image-preview:large, max-video-preview:-1\" \/>\n<link rel=\"canonical\" href=\"https:\/\/bibienfoto.sk\/index.php\/2018\/03\/22\/jeden-splneny-fotograficky-sen\/\" \/>\n<meta property=\"og:locale\" content=\"en_US\" \/>\n<meta property=\"og:type\" content=\"article\" \/>\n<meta property=\"og:title\" content=\"Splnen\u00fd fotografick\u00fd sen :-) - NOVORODENECK\u00c9, TEHOTENSK\u00c9 A RODINN\u00c9 FOTENIE\" \/>\n<meta property=\"og:description\" content=\"Sny s\u00fa vraj na to, aby sa plnili&#8230; A tie\u017e vraj, ke\u010f po nie\u010dom ve\u013emi t\u00fa\u017eite, nakoniec sa to stane. Neviem, \u010di pomohlo to vraj, \u010di to bola n\u00e1hoda, alebo ma niekto tam hore m\u00e1 tak ve\u013emi r\u00e1d (toto \u00e1no, ur\u010dite \ud83d\ude42 ), ist\u00e9 ale je, \u017ee ned\u00e1vno sa mi splnil jeden z mojich snov [&hellip;]\" \/>\n<meta property=\"og:url\" content=\"https:\/\/bibienfoto.sk\/index.php\/2018\/03\/22\/jeden-splneny-fotograficky-sen\/\" \/>\n<meta property=\"og:site_name\" content=\"NOVORODENECK\u00c9, TEHOTENSK\u00c9 A RODINN\u00c9 FOTENIE\" \/>\n<meta property=\"article:publisher\" content=\"https:\/\/www.facebook.com\/bibienfoto\/\" \/>\n<meta property=\"article:published_time\" content=\"2018-03-22T14:50:56+00:00\" \/>\n<meta property=\"article:modified_time\" content=\"2022-01-14T16:36:51+00:00\" \/>\n<meta property=\"og:image\" content=\"https:\/\/bibienfoto.sk\/wp-content\/uploads\/2021\/09\/20180206_rekonstrukcia_prsnika_02.jpg\" \/>\n\t<meta property=\"og:image:width\" content=\"2000\" \/>\n\t<meta property=\"og:image:height\" content=\"1333\" \/>\n\t<meta property=\"og:image:type\" content=\"image\/jpeg\" \/>\n<meta name=\"author\" content=\"\u013dubka I\u0161to\u0148ov\u00e1\" \/>\n<meta name=\"twitter:card\" content=\"summary_large_image\" \/>\n<meta name=\"twitter:label1\" content=\"Written by\" \/>\n\t<meta name=\"twitter:data1\" content=\"\u013dubka I\u0161to\u0148ov\u00e1\" \/>\n\t<meta name=\"twitter:label2\" content=\"Est. reading time\" \/>\n\t<meta name=\"twitter:data2\" content=\"3 minutes\" \/>\n<script type=\"application\/ld+json\" class=\"yoast-schema-graph\">{\"@context\":\"https:\\\/\\\/schema.org\",\"@graph\":[{\"@type\":\"Article\",\"@id\":\"https:\\\/\\\/bibienfoto.sk\\\/index.php\\\/2018\\\/03\\\/22\\\/jeden-splneny-fotograficky-sen\\\/#article\",\"isPartOf\":{\"@id\":\"https:\\\/\\\/bibienfoto.sk\\\/index.php\\\/2018\\\/03\\\/22\\\/jeden-splneny-fotograficky-sen\\\/\"},\"author\":{\"name\":\"\u013dubka I\u0161to\u0148ov\u00e1\",\"@id\":\"https:\\\/\\\/bibienfoto.sk\\\/#\\\/schema\\\/person\\\/cad5644f912d2062038bb16efa8cd1e3\"},\"headline\":\"Splnen\u00fd fotografick\u00fd sen :-)\",\"datePublished\":\"2018-03-22T14:50:56+00:00\",\"dateModified\":\"2022-01-14T16:36:51+00:00\",\"mainEntityOfPage\":{\"@id\":\"https:\\\/\\\/bibienfoto.sk\\\/index.php\\\/2018\\\/03\\\/22\\\/jeden-splneny-fotograficky-sen\\\/\"},\"wordCount\":471,\"publisher\":{\"@id\":\"https:\\\/\\\/bibienfoto.sk\\\/#organization\"},\"image\":{\"@id\":\"https:\\\/\\\/bibienfoto.sk\\\/index.php\\\/2018\\\/03\\\/22\\\/jeden-splneny-fotograficky-sen\\\/#primaryimage\"},\"thumbnailUrl\":\"https:\\\/\\\/bibienfoto.sk\\\/wp-content\\\/uploads\\\/2021\\\/09\\\/20180206_rekonstrukcia_prsnika_02.jpg\",\"keywords\":[\"expander\",\"foto\",\"fotograf\",\"fotograf na sale\",\"fotografia\",\"fotoreport\",\"implantat\",\"ko\u0161ice\",\"okamzita rekonstrukcia prsnika\",\"onkologia\",\"oper\u00e1cia\",\"photographer\",\"prsn\u00edk\",\"rakovina\",\"rekon\u0161trukcia\",\"report\u00e1\u017e\"],\"articleSection\":[\"BLOG\"],\"inLanguage\":\"en-US\"},{\"@type\":\"WebPage\",\"@id\":\"https:\\\/\\\/bibienfoto.sk\\\/index.php\\\/2018\\\/03\\\/22\\\/jeden-splneny-fotograficky-sen\\\/\",\"url\":\"https:\\\/\\\/bibienfoto.sk\\\/index.php\\\/2018\\\/03\\\/22\\\/jeden-splneny-fotograficky-sen\\\/\",\"name\":\"Splnen\u00fd fotografick\u00fd sen :-) - NOVORODENECK\u00c9, TEHOTENSK\u00c9 A RODINN\u00c9 FOTENIE\",\"isPartOf\":{\"@id\":\"https:\\\/\\\/bibienfoto.sk\\\/#website\"},\"primaryImageOfPage\":{\"@id\":\"https:\\\/\\\/bibienfoto.sk\\\/index.php\\\/2018\\\/03\\\/22\\\/jeden-splneny-fotograficky-sen\\\/#primaryimage\"},\"image\":{\"@id\":\"https:\\\/\\\/bibienfoto.sk\\\/index.php\\\/2018\\\/03\\\/22\\\/jeden-splneny-fotograficky-sen\\\/#primaryimage\"},\"thumbnailUrl\":\"https:\\\/\\\/bibienfoto.sk\\\/wp-content\\\/uploads\\\/2021\\\/09\\\/20180206_rekonstrukcia_prsnika_02.jpg\",\"datePublished\":\"2018-03-22T14:50:56+00:00\",\"dateModified\":\"2022-01-14T16:36:51+00:00\",\"breadcrumb\":{\"@id\":\"https:\\\/\\\/bibienfoto.sk\\\/index.php\\\/2018\\\/03\\\/22\\\/jeden-splneny-fotograficky-sen\\\/#breadcrumb\"},\"inLanguage\":\"en-US\",\"potentialAction\":[{\"@type\":\"ReadAction\",\"target\":[\"https:\\\/\\\/bibienfoto.sk\\\/index.php\\\/2018\\\/03\\\/22\\\/jeden-splneny-fotograficky-sen\\\/\"]}]},{\"@type\":\"ImageObject\",\"inLanguage\":\"en-US\",\"@id\":\"https:\\\/\\\/bibienfoto.sk\\\/index.php\\\/2018\\\/03\\\/22\\\/jeden-splneny-fotograficky-sen\\\/#primaryimage\",\"url\":\"https:\\\/\\\/bibienfoto.sk\\\/wp-content\\\/uploads\\\/2021\\\/09\\\/20180206_rekonstrukcia_prsnika_02.jpg\",\"contentUrl\":\"https:\\\/\\\/bibienfoto.sk\\\/wp-content\\\/uploads\\\/2021\\\/09\\\/20180206_rekonstrukcia_prsnika_02.jpg\",\"width\":2000,\"height\":1333},{\"@type\":\"BreadcrumbList\",\"@id\":\"https:\\\/\\\/bibienfoto.sk\\\/index.php\\\/2018\\\/03\\\/22\\\/jeden-splneny-fotograficky-sen\\\/#breadcrumb\",\"itemListElement\":[{\"@type\":\"ListItem\",\"position\":1,\"name\":\"Home\",\"item\":\"https:\\\/\\\/bibienfoto.sk\\\/\"},{\"@type\":\"ListItem\",\"position\":2,\"name\":\"Splnen\u00fd fotografick\u00fd sen :-)\"}]},{\"@type\":\"WebSite\",\"@id\":\"https:\\\/\\\/bibienfoto.sk\\\/#website\",\"url\":\"https:\\\/\\\/bibienfoto.sk\\\/\",\"name\":\"NOVORODENECK\u00c9, TEHOTENSK\u00c9 A RODINN\u00c9 FOTENIE\",\"description\":\"Va\u0161e nezabudnute\u013en\u00e9 em\u00f3cie\",\"publisher\":{\"@id\":\"https:\\\/\\\/bibienfoto.sk\\\/#organization\"},\"potentialAction\":[{\"@type\":\"SearchAction\",\"target\":{\"@type\":\"EntryPoint\",\"urlTemplate\":\"https:\\\/\\\/bibienfoto.sk\\\/?s={search_term_string}\"},\"query-input\":{\"@type\":\"PropertyValueSpecification\",\"valueRequired\":true,\"valueName\":\"search_term_string\"}}],\"inLanguage\":\"en-US\"},{\"@type\":\"Organization\",\"@id\":\"https:\\\/\\\/bibienfoto.sk\\\/#organization\",\"name\":\"Bibienfoto - profesion\u00e1ne novorodeneck\u00e9, tehotensk\u00e9 a rodinn\u00e9 fotenie v Ko\u0161iciach\",\"url\":\"https:\\\/\\\/bibienfoto.sk\\\/\",\"logo\":{\"@type\":\"ImageObject\",\"inLanguage\":\"en-US\",\"@id\":\"https:\\\/\\\/bibienfoto.sk\\\/#\\\/schema\\\/logo\\\/image\\\/\",\"url\":\"https:\\\/\\\/bibienfoto.sk\\\/wp-content\\\/uploads\\\/2022\\\/06\\\/cropped-unnamed.png\",\"contentUrl\":\"https:\\\/\\\/bibienfoto.sk\\\/wp-content\\\/uploads\\\/2022\\\/06\\\/cropped-unnamed.png\",\"width\":512,\"height\":512,\"caption\":\"Bibienfoto - profesion\u00e1ne novorodeneck\u00e9, tehotensk\u00e9 a rodinn\u00e9 fotenie v Ko\u0161iciach\"},\"image\":{\"@id\":\"https:\\\/\\\/bibienfoto.sk\\\/#\\\/schema\\\/logo\\\/image\\\/\"},\"sameAs\":[\"https:\\\/\\\/www.facebook.com\\\/bibienfoto\\\/\",\"https:\\\/\\\/www.instagram.com\\\/bibienfoto\\\/\"]},{\"@type\":\"Person\",\"@id\":\"https:\\\/\\\/bibienfoto.sk\\\/#\\\/schema\\\/person\\\/cad5644f912d2062038bb16efa8cd1e3\",\"name\":\"\u013dubka I\u0161to\u0148ov\u00e1\",\"image\":{\"@type\":\"ImageObject\",\"inLanguage\":\"en-US\",\"@id\":\"https:\\\/\\\/secure.gravatar.com\\\/avatar\\\/abe1fbd2fadead88f8d9f3cbdfe81a0d79b9b4d9bee5ba623274e64f0eda91e1?s=96&d=mm&r=g\",\"url\":\"https:\\\/\\\/secure.gravatar.com\\\/avatar\\\/abe1fbd2fadead88f8d9f3cbdfe81a0d79b9b4d9bee5ba623274e64f0eda91e1?s=96&d=mm&r=g\",\"contentUrl\":\"https:\\\/\\\/secure.gravatar.com\\\/avatar\\\/abe1fbd2fadead88f8d9f3cbdfe81a0d79b9b4d9bee5ba623274e64f0eda91e1?s=96&d=mm&r=g\",\"caption\":\"\u013dubka I\u0161to\u0148ov\u00e1\"},\"url\":\"https:\\\/\\\/bibienfoto.sk\\\/index.php\\\/author\\\/lubka\\\/\"}]}<\/script>\n<!-- \/ Yoast SEO plugin. -->","yoast_head_json":{"title":"Splnen\u00fd fotografick\u00fd sen :-) - NOVORODENECK\u00c9, TEHOTENSK\u00c9 A RODINN\u00c9 FOTENIE","robots":{"index":"index","follow":"follow","max-snippet":"max-snippet:-1","max-image-preview":"max-image-preview:large","max-video-preview":"max-video-preview:-1"},"canonical":"https:\/\/bibienfoto.sk\/index.php\/2018\/03\/22\/jeden-splneny-fotograficky-sen\/","og_locale":"en_US","og_type":"article","og_title":"Splnen\u00fd fotografick\u00fd sen :-) - NOVORODENECK\u00c9, TEHOTENSK\u00c9 A RODINN\u00c9 FOTENIE","og_description":"Sny s\u00fa vraj na to, aby sa plnili&#8230; A tie\u017e vraj, ke\u010f po nie\u010dom ve\u013emi t\u00fa\u017eite, nakoniec sa to stane. Neviem, \u010di pomohlo to vraj, \u010di to bola n\u00e1hoda, alebo ma niekto tam hore m\u00e1 tak ve\u013emi r\u00e1d (toto \u00e1no, ur\u010dite \ud83d\ude42 ), ist\u00e9 ale je, \u017ee ned\u00e1vno sa mi splnil jeden z mojich snov [&hellip;]","og_url":"https:\/\/bibienfoto.sk\/index.php\/2018\/03\/22\/jeden-splneny-fotograficky-sen\/","og_site_name":"NOVORODENECK\u00c9, TEHOTENSK\u00c9 A RODINN\u00c9 FOTENIE","article_publisher":"https:\/\/www.facebook.com\/bibienfoto\/","article_published_time":"2018-03-22T14:50:56+00:00","article_modified_time":"2022-01-14T16:36:51+00:00","og_image":[{"width":2000,"height":1333,"url":"https:\/\/bibienfoto.sk\/wp-content\/uploads\/2021\/09\/20180206_rekonstrukcia_prsnika_02.jpg","type":"image\/jpeg"}],"author":"\u013dubka I\u0161to\u0148ov\u00e1","twitter_card":"summary_large_image","twitter_misc":{"Written by":"\u013dubka I\u0161to\u0148ov\u00e1","Est. reading time":"3 minutes"},"schema":{"@context":"https:\/\/schema.org","@graph":[{"@type":"Article","@id":"https:\/\/bibienfoto.sk\/index.php\/2018\/03\/22\/jeden-splneny-fotograficky-sen\/#article","isPartOf":{"@id":"https:\/\/bibienfoto.sk\/index.php\/2018\/03\/22\/jeden-splneny-fotograficky-sen\/"},"author":{"name":"\u013dubka I\u0161to\u0148ov\u00e1","@id":"https:\/\/bibienfoto.sk\/#\/schema\/person\/cad5644f912d2062038bb16efa8cd1e3"},"headline":"Splnen\u00fd fotografick\u00fd sen :-)","datePublished":"2018-03-22T14:50:56+00:00","dateModified":"2022-01-14T16:36:51+00:00","mainEntityOfPage":{"@id":"https:\/\/bibienfoto.sk\/index.php\/2018\/03\/22\/jeden-splneny-fotograficky-sen\/"},"wordCount":471,"publisher":{"@id":"https:\/\/bibienfoto.sk\/#organization"},"image":{"@id":"https:\/\/bibienfoto.sk\/index.php\/2018\/03\/22\/jeden-splneny-fotograficky-sen\/#primaryimage"},"thumbnailUrl":"https:\/\/bibienfoto.sk\/wp-content\/uploads\/2021\/09\/20180206_rekonstrukcia_prsnika_02.jpg","keywords":["expander","foto","fotograf","fotograf na sale","fotografia","fotoreport","implantat","ko\u0161ice","okamzita rekonstrukcia prsnika","onkologia","oper\u00e1cia","photographer","prsn\u00edk","rakovina","rekon\u0161trukcia","report\u00e1\u017e"],"articleSection":["BLOG"],"inLanguage":"en-US"},{"@type":"WebPage","@id":"https:\/\/bibienfoto.sk\/index.php\/2018\/03\/22\/jeden-splneny-fotograficky-sen\/","url":"https:\/\/bibienfoto.sk\/index.php\/2018\/03\/22\/jeden-splneny-fotograficky-sen\/","name":"Splnen\u00fd fotografick\u00fd sen :-) - NOVORODENECK\u00c9, TEHOTENSK\u00c9 A RODINN\u00c9 FOTENIE","isPartOf":{"@id":"https:\/\/bibienfoto.sk\/#website"},"primaryImageOfPage":{"@id":"https:\/\/bibienfoto.sk\/index.php\/2018\/03\/22\/jeden-splneny-fotograficky-sen\/#primaryimage"},"image":{"@id":"https:\/\/bibienfoto.sk\/index.php\/2018\/03\/22\/jeden-splneny-fotograficky-sen\/#primaryimage"},"thumbnailUrl":"https:\/\/bibienfoto.sk\/wp-content\/uploads\/2021\/09\/20180206_rekonstrukcia_prsnika_02.jpg","datePublished":"2018-03-22T14:50:56+00:00","dateModified":"2022-01-14T16:36:51+00:00","breadcrumb":{"@id":"https:\/\/bibienfoto.sk\/index.php\/2018\/03\/22\/jeden-splneny-fotograficky-sen\/#breadcrumb"},"inLanguage":"en-US","potentialAction":[{"@type":"ReadAction","target":["https:\/\/bibienfoto.sk\/index.php\/2018\/03\/22\/jeden-splneny-fotograficky-sen\/"]}]},{"@type":"ImageObject","inLanguage":"en-US","@id":"https:\/\/bibienfoto.sk\/index.php\/2018\/03\/22\/jeden-splneny-fotograficky-sen\/#primaryimage","url":"https:\/\/bibienfoto.sk\/wp-content\/uploads\/2021\/09\/20180206_rekonstrukcia_prsnika_02.jpg","contentUrl":"https:\/\/bibienfoto.sk\/wp-content\/uploads\/2021\/09\/20180206_rekonstrukcia_prsnika_02.jpg","width":2000,"height":1333},{"@type":"BreadcrumbList","@id":"https:\/\/bibienfoto.sk\/index.php\/2018\/03\/22\/jeden-splneny-fotograficky-sen\/#breadcrumb","itemListElement":[{"@type":"ListItem","position":1,"name":"Home","item":"https:\/\/bibienfoto.sk\/"},{"@type":"ListItem","position":2,"name":"Splnen\u00fd fotografick\u00fd sen :-)"}]},{"@type":"WebSite","@id":"https:\/\/bibienfoto.sk\/#website","url":"https:\/\/bibienfoto.sk\/","name":"NOVORODENECK\u00c9, TEHOTENSK\u00c9 A RODINN\u00c9 FOTENIE","description":"Va\u0161e nezabudnute\u013en\u00e9 em\u00f3cie","publisher":{"@id":"https:\/\/bibienfoto.sk\/#organization"},"potentialAction":[{"@type":"SearchAction","target":{"@type":"EntryPoint","urlTemplate":"https:\/\/bibienfoto.sk\/?s={search_term_string}"},"query-input":{"@type":"PropertyValueSpecification","valueRequired":true,"valueName":"search_term_string"}}],"inLanguage":"en-US"},{"@type":"Organization","@id":"https:\/\/bibienfoto.sk\/#organization","name":"Bibienfoto - profesion\u00e1ne novorodeneck\u00e9, tehotensk\u00e9 a rodinn\u00e9 fotenie v Ko\u0161iciach","url":"https:\/\/bibienfoto.sk\/","logo":{"@type":"ImageObject","inLanguage":"en-US","@id":"https:\/\/bibienfoto.sk\/#\/schema\/logo\/image\/","url":"https:\/\/bibienfoto.sk\/wp-content\/uploads\/2022\/06\/cropped-unnamed.png","contentUrl":"https:\/\/bibienfoto.sk\/wp-content\/uploads\/2022\/06\/cropped-unnamed.png","width":512,"height":512,"caption":"Bibienfoto - profesion\u00e1ne novorodeneck\u00e9, tehotensk\u00e9 a rodinn\u00e9 fotenie v Ko\u0161iciach"},"image":{"@id":"https:\/\/bibienfoto.sk\/#\/schema\/logo\/image\/"},"sameAs":["https:\/\/www.facebook.com\/bibienfoto\/","https:\/\/www.instagram.com\/bibienfoto\/"]},{"@type":"Person","@id":"https:\/\/bibienfoto.sk\/#\/schema\/person\/cad5644f912d2062038bb16efa8cd1e3","name":"\u013dubka I\u0161to\u0148ov\u00e1","image":{"@type":"ImageObject","inLanguage":"en-US","@id":"https:\/\/secure.gravatar.com\/avatar\/abe1fbd2fadead88f8d9f3cbdfe81a0d79b9b4d9bee5ba623274e64f0eda91e1?s=96&d=mm&r=g","url":"https:\/\/secure.gravatar.com\/avatar\/abe1fbd2fadead88f8d9f3cbdfe81a0d79b9b4d9bee5ba623274e64f0eda91e1?s=96&d=mm&r=g","contentUrl":"https:\/\/secure.gravatar.com\/avatar\/abe1fbd2fadead88f8d9f3cbdfe81a0d79b9b4d9bee5ba623274e64f0eda91e1?s=96&d=mm&r=g","caption":"\u013dubka I\u0161to\u0148ov\u00e1"},"url":"https:\/\/bibienfoto.sk\/index.php\/author\/lubka\/"}]}},"_links":{"self":[{"href":"https:\/\/bibienfoto.sk\/index.php\/wp-json\/wp\/v2\/posts\/1115","targetHints":{"allow":["GET"]}}],"collection":[{"href":"https:\/\/bibienfoto.sk\/index.php\/wp-json\/wp\/v2\/posts"}],"about":[{"href":"https:\/\/bibienfoto.sk\/index.php\/wp-json\/wp\/v2\/types\/post"}],"author":[{"embeddable":true,"href":"https:\/\/bibienfoto.sk\/index.php\/wp-json\/wp\/v2\/users\/2"}],"replies":[{"embeddable":true,"href":"https:\/\/bibienfoto.sk\/index.php\/wp-json\/wp\/v2\/comments?post=1115"}],"version-history":[{"count":6,"href":"https:\/\/bibienfoto.sk\/index.php\/wp-json\/wp\/v2\/posts\/1115\/revisions"}],"predecessor-version":[{"id":3285,"href":"https:\/\/bibienfoto.sk\/index.php\/wp-json\/wp\/v2\/posts\/1115\/revisions\/3285"}],"wp:featuredmedia":[{"embeddable":true,"href":"https:\/\/bibienfoto.sk\/index.php\/wp-json\/wp\/v2\/media\/1800"}],"wp:attachment":[{"href":"https:\/\/bibienfoto.sk\/index.php\/wp-json\/wp\/v2\/media?parent=1115"}],"wp:term":[{"taxonomy":"category","embeddable":true,"href":"https:\/\/bibienfoto.sk\/index.php\/wp-json\/wp\/v2\/categories?post=1115"},{"taxonomy":"post_tag","embeddable":true,"href":"https:\/\/bibienfoto.sk\/index.php\/wp-json\/wp\/v2\/tags?post=1115"}],"curies":[{"name":"wp","href":"https:\/\/api.w.org\/{rel}","templated":true}]}}